{"id":8979,"date":"2020-10-13T15:37:22","date_gmt":"2020-10-13T15:37:22","guid":{"rendered":"https:\/\/vistula.edu.pl\/news\/inauguracja-nowego-roku-akademickiego-2020-2021-w-akademii-im-aleksandra-gieysztora-w-pultusku-filii-akademii-finansow-i-biznesu-vistula\/"},"modified":"2022-02-16T20:24:50","modified_gmt":"2022-02-16T20:24:50","slug":"inauguration-of-the-new-academic-year-2020-2021-at-the-academy-of-aleksander-gieysztor-in-pultusk-a-branch-of-vistula-university","status":"publish","type":"news","link":"https:\/\/vistula.edu.pl\/en\/news\/inauguration-of-the-new-academic-year-2020-2021-at-the-academy-of-aleksander-gieysztor-in-pultusk-a-branch-of-vistula-university","title":{"rendered":"Inauguration of the New Academic Year 2020\/2021 at the Academy of Aleksander Gieysztor in Pu\u0142tusk \u2013 a branch of Vistula University"},"content":{"rendered":"<section class=\"c-post__meta \">\n  13.10.2020\n    <\/section>\n\n\n<figure class=\"wp-block-post-featured-image\"><img loading=\"lazy\" decoding=\"async\" width=\"870\" height=\"485\" src=\"https:\/\/b2929804.smushcdn.com\/2929804\/wp-content\/uploads\/2022\/01\/dsc-1826-870x485-1.jpeg?lossy=1&strip=1&webp=1\" class=\"attachment-post-thumbnail size-post-thumbnail wp-post-image\" alt=\"rektor, fotografia, inauguracja\" style=\"object-fit:cover;\" srcset=\"https:\/\/b2929804.smushcdn.com\/2929804\/wp-content\/uploads\/2022\/01\/dsc-1826-870x485-1.jpeg?lossy=1&strip=1&webp=1 870w, https:\/\/b2929804.smushcdn.com\/2929804\/wp-content\/uploads\/2022\/01\/dsc-1826-870x485-1-300x167.jpeg?lossy=1&strip=1&webp=1 300w, https:\/\/b2929804.smushcdn.com\/2929804\/wp-content\/uploads\/2022\/01\/dsc-1826-870x485-1-768x428.jpeg?lossy=1&strip=1&webp=1 768w\" sizes=\"auto, (max-width: 870px) 100vw, 870px\" \/><\/figure>\n\n\n<p><strong>Dear students,<br>The inauguration of the 2020\/2021 academic year planned for October 17 was cancelled due to the increase in the incidence of COVID-19. Bearing in mind the health of the people who make up our university community, we could not make any other decision. We hope that at this difficult moment all students, lecturers and administrative staff of the Academy will support each other and will remain healthy.<\/strong><\/p>\n\n\n\n<p><strong>The inauguration ceremony of the Academic New Year 2020\/2021 at the Academy of Aleksander Gieysztor in Pu\u0142tusk, will be held on October the 17th, at the Academic Centre. The event will start at 11:00 am.<\/strong><\/p>\n\n\n\n<p>The inauguration of the new academic year is a unique experience, especially for students starting their studies, and we want to especially greet them.<\/p>\n\n\n\n<p>It is a new stage and is charged with great emotions for them. We want them to feel good in the Academy, to gain knowledge, and develop in a friendly atmosphere.<\/p>\n\n\n\n<p>The General Director of Vistula University, Barbara Smuk, will welcome new students. The traditional speech will be given by the Rector of Vistula University, Professor Wawrzyniec Konarski. The programme of the ceremony also includes a speech from the Dean of the Faculty of Humanities, Ma\u0142gorzata Gogolewska-To\u015bka, PhD, and an inaugural lecture by Rados\u0142aw Lolo, PhD, director of the Vistula Doctoral School, titled: \u2019Educational traditions of Pu\u0142tusk\u2019.<\/p>\n\n\n\n<p>During the ceremony, an act of a solemn oath will take place. The student anthem, \u2018Gaudeamus Igitur\u2019, will be heard.<\/p>\n\n\n\n<p>The ceremony will be held on October the 17<sup>th<\/sup>, at the Academic Centre at 36B, Mickiewicza St., room 122, at:<\/p>\n\n\n\n<ul class=\"wp-block-list\"><li>11:00 \u2013 11:45 am \u2013 1st year of BA studies and MA studies.<\/li><\/ul>\n\n\n\n<p><strong>Keeping an appropriate social distance, let\u2019s start the Academic New Year 2020\/2021 together!<\/strong><\/p>\n\n\n\n<section classs=\"o-section c-shared-post\">\n  <div class=\"o-wrapper c-shared-post__container o-flex o-flex--grids o-flex--centered-v o-flex--space-between\">\n     <span class=\"c-shared-post__title u-font-color--1\">Share this post <\/span>\n        <div class=\"c-shared-post__social-content\"> \n                       <a class=\"c-shared-post__social-link c-link-social\" href=\"http:\/\/www.linkedin.com\/shareArticle?mini=true&amp;url=&amp;title=\" target=\"_blank\"><svg width=\"40\" height=\"40\" viewBox=\"0 0 40 40\" fill=\"none\" xmlns=\"http:\/\/www.w3.org\/2000\/svg\">\n<path class=\"c-link-social__bg\" fill-rule=\"evenodd\" clip-rule=\"evenodd\" d=\"M20 40C31.0457 40 40 31.0457 40 20C40 8.95435 31.0457 0 20 0C8.95435 0 0 8.95435 0 20C0 31.0457 8.95435 40 20 40ZM11.5765 15.7908H15.1901C15.2697 15.7908 15.3417 15.8228 15.3942 15.8745C15.4474 15.9272 15.4805 16.0002 15.4805 16.0811V27.6897C15.4805 27.8501 15.3505 27.9802 15.1901 27.9802H11.5765C11.4163 27.9802 11.2863 27.8501 11.2863 27.6897V16.0811C11.2863 16.0559 11.2896 16.0315 11.2955 16.0081C11.2999 15.9912 11.3058 15.9749 11.313 15.9592C11.3262 15.9307 11.3438 15.9045 11.365 15.8821C11.418 15.8259 11.4932 15.7908 11.5765 15.7908ZM13.3845 10.0198C12.0697 10.0198 11 11.0884 11 12.4016C11 13.7156 12.0697 14.7844 13.3845 14.7844C14.6982 14.7844 15.7671 13.7156 15.7671 12.4016C15.7671 11.0884 14.6982 10.0198 13.3845 10.0198ZM21.2064 16.835C21.8571 16.1262 22.9299 15.5022 24.3812 15.5022C28.4513 15.5022 29.0001 18.4443 29.0001 21.3223V27.6899C29.0001 27.8503 28.8701 27.9802 28.7097 27.9802H25.1028C24.9424 27.9802 24.8125 27.8503 24.8125 27.6899V22.0457C24.8125 20.4656 24.6957 19.2566 23.2263 19.2566C21.8771 19.2566 21.3514 20.0107 21.3514 21.9463V27.6897C21.3514 27.8501 21.2214 27.9802 21.061 27.9802H17.4554C17.295 27.9802 17.1652 27.8501 17.1652 27.6897V16.0811C17.1652 15.9207 17.295 15.7908 17.4554 15.7908H20.916C21.0764 15.7908 21.2064 15.9207 21.2064 16.0811V16.835Z\" fill=\"black\"\/>\n<\/svg>\n<\/a> \n                                  <a class=\"c-shared-post__social-link c-link-social\" href=\"http:\/\/www.facebook.com\/share.php?u=&#038;title=\" target=\"_blank\"><svg width=\"40\" height=\"40\" viewBox=\"0 0 40 40\" fill=\"none\" xmlns=\"http:\/\/www.w3.org\/2000\/svg\">\n<path class=\"c-link-social__bg\" d=\"M20 40C31.0457 40 40 31.0457 40 20C40 8.95431 31.0457 0 20 0C8.95431 0 0 8.95431 0 20C0 31.0457 8.95431 40 20 40Z\" fill=\"black\"\/>\n<path d=\"M21.8667 31.8666V21.0666H25.4667L26 16.8H21.8667V14.1333C21.8667 12.9333 22.2667 12.1333 24 12.1333H26.2667V8.26663C25.8667 8.26663 24.5333 8.1333 23.0667 8.1333C19.8667 8.1333 17.6 10.1333 17.6 13.7333V16.8H14V21.0666H17.6V31.8666H21.8667Z\" fill=\"white\"\/>\n<\/svg>\n<\/a>  \n                   <\/div>\n  <\/div>\n<\/section>","protected":false},"excerpt":{"rendered":"<p>Dear students,<br \/>\nThe inauguration of the 2020\/2021 academic year planned for October 17 was cancelled due to the increase in the incidence of COVID-19. Bearing in mind the health of the people who make up our university community, we could not make any other decision. We hope that at this difficult moment all students, lecturers and administrative staff of the Academy will support each other and will remain healthy.<\/p>\n","protected":false},"featured_media":6671,"parent":0,"template":"","news-category":[127],"class_list":["post-8979","news","type-news","status-publish","has-post-thumbnail","hentry","news-category-news"],"acf":[],"yoast_head":"<!-- This site is optimized with the Yoast SEO plugin v26.7 - https:\/\/yoast.com\/wordpress\/plugins\/seo\/ -->\n<title>Inauguration of the New Academic Year 2020\/2021 at the Academy of Aleksander Gieysztor in Pu\u0142tusk \u2013 a branch of Vistula University - Vistula University<\/title>\n<meta name=\"robots\" content=\"index, follow, max-snippet:-1, max-image-preview:large, max-video-preview:-1\" \/>\n<link rel=\"canonical\" href=\"https:\/\/vistula.edu.pl\/en\/news\/inauguration-of-the-new-academic-year-2020-2021-at-the-academy-of-aleksander-gieysztor-in-pultusk-a-branch-of-vistula-university\" \/>\n<meta property=\"og:locale\" content=\"en_US\" \/>\n<meta property=\"og:type\" content=\"article\" \/>\n<meta property=\"og:title\" content=\"Inauguration of the New Academic Year 2020\/2021 at the Academy of Aleksander Gieysztor in Pu\u0142tusk \u2013 a branch of Vistula University - Vistula University\" \/>\n<meta property=\"og:description\" content=\"Dear students, The inauguration of the 2020\/2021 academic year planned for October 17 was cancelled due to the increase in the incidence of COVID-19. Bearing in mind the health of the people who make up our university community, we could not make any other decision. We hope that at this difficult moment all students, lecturers and administrative staff of the Academy will support each other and will remain healthy.\" \/>\n<meta property=\"og:url\" content=\"https:\/\/vistula.edu.pl\/en\/news\/inauguration-of-the-new-academic-year-2020-2021-at-the-academy-of-aleksander-gieysztor-in-pultusk-a-branch-of-vistula-university\" \/>\n<meta property=\"og:site_name\" content=\"Vistula University\" \/>\n<meta property=\"article:modified_time\" content=\"2022-02-16T20:24:50+00:00\" \/>\n<meta property=\"og:image\" content=\"https:\/\/vistulahospitality.edu.pl\/wp-content\/uploads\/2022\/01\/dsc-1826-870x485-1.jpeg\" \/>\n\t<meta property=\"og:image:width\" content=\"870\" \/>\n\t<meta property=\"og:image:height\" content=\"485\" \/>\n\t<meta property=\"og:image:type\" content=\"image\/jpeg\" \/>\n<meta name=\"twitter:card\" content=\"summary_large_image\" \/>\n<meta name=\"twitter:label1\" content=\"Est. reading time\" \/>\n\t<meta name=\"twitter:data1\" content=\"2 minutes\" \/>\n<script type=\"application\/ld+json\" class=\"yoast-schema-graph\">{\"@context\":\"https:\/\/schema.org\",\"@graph\":[{\"@type\":\"WebPage\",\"@id\":\"https:\/\/vistula.edu.pl\/en\/news\/inauguration-of-the-new-academic-year-2020-2021-at-the-academy-of-aleksander-gieysztor-in-pultusk-a-branch-of-vistula-university\",\"url\":\"https:\/\/vistula.edu.pl\/en\/news\/inauguration-of-the-new-academic-year-2020-2021-at-the-academy-of-aleksander-gieysztor-in-pultusk-a-branch-of-vistula-university\",\"name\":\"Inauguration of the New Academic Year 2020\/2021 at the Academy of Aleksander Gieysztor in Pu\u0142tusk \u2013 a branch of Vistula University - Vistula University\",\"isPartOf\":{\"@id\":\"https:\/\/vistula.edu.pl\/en#website\"},\"primaryImageOfPage\":{\"@id\":\"https:\/\/vistula.edu.pl\/en\/news\/inauguration-of-the-new-academic-year-2020-2021-at-the-academy-of-aleksander-gieysztor-in-pultusk-a-branch-of-vistula-university#primaryimage\"},\"image\":{\"@id\":\"https:\/\/vistula.edu.pl\/en\/news\/inauguration-of-the-new-academic-year-2020-2021-at-the-academy-of-aleksander-gieysztor-in-pultusk-a-branch-of-vistula-university#primaryimage\"},\"thumbnailUrl\":\"https:\/\/vistula.edu.pl\/wp-content\/uploads\/2022\/01\/dsc-1826-870x485-1.jpeg\",\"datePublished\":\"2020-10-13T15:37:22+00:00\",\"dateModified\":\"2022-02-16T20:24:50+00:00\",\"breadcrumb\":{\"@id\":\"https:\/\/vistula.edu.pl\/en\/news\/inauguration-of-the-new-academic-year-2020-2021-at-the-academy-of-aleksander-gieysztor-in-pultusk-a-branch-of-vistula-university#breadcrumb\"},\"inLanguage\":\"en-US\",\"potentialAction\":[{\"@type\":\"ReadAction\",\"target\":[\"https:\/\/vistula.edu.pl\/en\/news\/inauguration-of-the-new-academic-year-2020-2021-at-the-academy-of-aleksander-gieysztor-in-pultusk-a-branch-of-vistula-university\"]}]},{\"@type\":\"ImageObject\",\"inLanguage\":\"en-US\",\"@id\":\"https:\/\/vistula.edu.pl\/en\/news\/inauguration-of-the-new-academic-year-2020-2021-at-the-academy-of-aleksander-gieysztor-in-pultusk-a-branch-of-vistula-university#primaryimage\",\"url\":\"https:\/\/vistula.edu.pl\/wp-content\/uploads\/2022\/01\/dsc-1826-870x485-1.jpeg\",\"contentUrl\":\"https:\/\/vistula.edu.pl\/wp-content\/uploads\/2022\/01\/dsc-1826-870x485-1.jpeg\",\"width\":870,\"height\":485,\"caption\":\"rektor, fotografia, inauguracja\"},{\"@type\":\"BreadcrumbList\",\"@id\":\"https:\/\/vistula.edu.pl\/en\/news\/inauguration-of-the-new-academic-year-2020-2021-at-the-academy-of-aleksander-gieysztor-in-pultusk-a-branch-of-vistula-university#breadcrumb\",\"itemListElement\":[{\"@type\":\"ListItem\",\"position\":1,\"name\":\"Home\",\"item\":\"https:\/\/vistula.edu.pl\/en\"},{\"@type\":\"ListItem\",\"position\":2,\"name\":\"News\",\"item\":\"https:\/\/vistula.edu.pl\/en\/news\"},{\"@type\":\"ListItem\",\"position\":3,\"name\":\"Inauguration of the New Academic Year 2020\/2021 at the Academy of Aleksander Gieysztor in Pu\u0142tusk \u2013 a branch of Vistula University\"}]},{\"@type\":\"WebSite\",\"@id\":\"https:\/\/vistula.edu.pl\/en#website\",\"url\":\"https:\/\/vistula.edu.pl\/en\",\"name\":\"Vistula University\",\"description\":\"\",\"publisher\":{\"@id\":\"https:\/\/vistula.edu.pl\/en#organization\"},\"potentialAction\":[{\"@type\":\"SearchAction\",\"target\":{\"@type\":\"EntryPoint\",\"urlTemplate\":\"https:\/\/vistula.edu.pl\/en?s={search_term_string}\"},\"query-input\":{\"@type\":\"PropertyValueSpecification\",\"valueRequired\":true,\"valueName\":\"search_term_string\"}}],\"inLanguage\":\"en-US\"},{\"@type\":\"Organization\",\"@id\":\"https:\/\/vistula.edu.pl\/en#organization\",\"name\":\"Vistula University\",\"url\":\"https:\/\/vistula.edu.pl\/en\",\"logo\":{\"@type\":\"ImageObject\",\"inLanguage\":\"en-US\",\"@id\":\"https:\/\/vistula.edu.pl\/en#\/schema\/logo\/image\/\",\"url\":\"https:\/\/vistula.edu.pl\/wp-content\/uploads\/2022\/02\/logo_vistula_en.svg\",\"contentUrl\":\"https:\/\/vistula.edu.pl\/wp-content\/uploads\/2022\/02\/logo_vistula_en.svg\",\"width\":52,\"height\":59,\"caption\":\"Vistula University\"},\"image\":{\"@id\":\"https:\/\/vistula.edu.pl\/en#\/schema\/logo\/image\/\"}}]}<\/script>\n<!-- \/ Yoast SEO plugin. -->","yoast_head_json":{"title":"Inauguration of the New Academic Year 2020\/2021 at the Academy of Aleksander Gieysztor in Pu\u0142tusk \u2013 a branch of Vistula University - Vistula University","robots":{"index":"index","follow":"follow","max-snippet":"max-snippet:-1","max-image-preview":"max-image-preview:large","max-video-preview":"max-video-preview:-1"},"canonical":"https:\/\/vistula.edu.pl\/en\/news\/inauguration-of-the-new-academic-year-2020-2021-at-the-academy-of-aleksander-gieysztor-in-pultusk-a-branch-of-vistula-university","og_locale":"en_US","og_type":"article","og_title":"Inauguration of the New Academic Year 2020\/2021 at the Academy of Aleksander Gieysztor in Pu\u0142tusk \u2013 a branch of Vistula University - Vistula University","og_description":"Dear students, The inauguration of the 2020\/2021 academic year planned for October 17 was cancelled due to the increase in the incidence of COVID-19. Bearing in mind the health of the people who make up our university community, we could not make any other decision. We hope that at this difficult moment all students, lecturers and administrative staff of the Academy will support each other and will remain healthy.","og_url":"https:\/\/vistula.edu.pl\/en\/news\/inauguration-of-the-new-academic-year-2020-2021-at-the-academy-of-aleksander-gieysztor-in-pultusk-a-branch-of-vistula-university","og_site_name":"Vistula University","article_modified_time":"2022-02-16T20:24:50+00:00","og_image":[{"width":870,"height":485,"url":"https:\/\/vistulahospitality.edu.pl\/wp-content\/uploads\/2022\/01\/dsc-1826-870x485-1.jpeg","type":"image\/jpeg"}],"twitter_card":"summary_large_image","twitter_misc":{"Est. reading time":"2 minutes"},"schema":{"@context":"https:\/\/schema.org","@graph":[{"@type":"WebPage","@id":"https:\/\/vistula.edu.pl\/en\/news\/inauguration-of-the-new-academic-year-2020-2021-at-the-academy-of-aleksander-gieysztor-in-pultusk-a-branch-of-vistula-university","url":"https:\/\/vistula.edu.pl\/en\/news\/inauguration-of-the-new-academic-year-2020-2021-at-the-academy-of-aleksander-gieysztor-in-pultusk-a-branch-of-vistula-university","name":"Inauguration of the New Academic Year 2020\/2021 at the Academy of Aleksander Gieysztor in Pu\u0142tusk \u2013 a branch of Vistula University - Vistula University","isPartOf":{"@id":"https:\/\/vistula.edu.pl\/en#website"},"primaryImageOfPage":{"@id":"https:\/\/vistula.edu.pl\/en\/news\/inauguration-of-the-new-academic-year-2020-2021-at-the-academy-of-aleksander-gieysztor-in-pultusk-a-branch-of-vistula-university#primaryimage"},"image":{"@id":"https:\/\/vistula.edu.pl\/en\/news\/inauguration-of-the-new-academic-year-2020-2021-at-the-academy-of-aleksander-gieysztor-in-pultusk-a-branch-of-vistula-university#primaryimage"},"thumbnailUrl":"https:\/\/vistula.edu.pl\/wp-content\/uploads\/2022\/01\/dsc-1826-870x485-1.jpeg","datePublished":"2020-10-13T15:37:22+00:00","dateModified":"2022-02-16T20:24:50+00:00","breadcrumb":{"@id":"https:\/\/vistula.edu.pl\/en\/news\/inauguration-of-the-new-academic-year-2020-2021-at-the-academy-of-aleksander-gieysztor-in-pultusk-a-branch-of-vistula-university#breadcrumb"},"inLanguage":"en-US","potentialAction":[{"@type":"ReadAction","target":["https:\/\/vistula.edu.pl\/en\/news\/inauguration-of-the-new-academic-year-2020-2021-at-the-academy-of-aleksander-gieysztor-in-pultusk-a-branch-of-vistula-university"]}]},{"@type":"ImageObject","inLanguage":"en-US","@id":"https:\/\/vistula.edu.pl\/en\/news\/inauguration-of-the-new-academic-year-2020-2021-at-the-academy-of-aleksander-gieysztor-in-pultusk-a-branch-of-vistula-university#primaryimage","url":"https:\/\/vistula.edu.pl\/wp-content\/uploads\/2022\/01\/dsc-1826-870x485-1.jpeg","contentUrl":"https:\/\/vistula.edu.pl\/wp-content\/uploads\/2022\/01\/dsc-1826-870x485-1.jpeg","width":870,"height":485,"caption":"rektor, fotografia, inauguracja"},{"@type":"BreadcrumbList","@id":"https:\/\/vistula.edu.pl\/en\/news\/inauguration-of-the-new-academic-year-2020-2021-at-the-academy-of-aleksander-gieysztor-in-pultusk-a-branch-of-vistula-university#breadcrumb","itemListElement":[{"@type":"ListItem","position":1,"name":"Home","item":"https:\/\/vistula.edu.pl\/en"},{"@type":"ListItem","position":2,"name":"News","item":"https:\/\/vistula.edu.pl\/en\/news"},{"@type":"ListItem","position":3,"name":"Inauguration of the New Academic Year 2020\/2021 at the Academy of Aleksander Gieysztor in Pu\u0142tusk \u2013 a branch of Vistula University"}]},{"@type":"WebSite","@id":"https:\/\/vistula.edu.pl\/en#website","url":"https:\/\/vistula.edu.pl\/en","name":"Vistula University","description":"","publisher":{"@id":"https:\/\/vistula.edu.pl\/en#organization"},"potentialAction":[{"@type":"SearchAction","target":{"@type":"EntryPoint","urlTemplate":"https:\/\/vistula.edu.pl\/en?s={search_term_string}"},"query-input":{"@type":"PropertyValueSpecification","valueRequired":true,"valueName":"search_term_string"}}],"inLanguage":"en-US"},{"@type":"Organization","@id":"https:\/\/vistula.edu.pl\/en#organization","name":"Vistula University","url":"https:\/\/vistula.edu.pl\/en","logo":{"@type":"ImageObject","inLanguage":"en-US","@id":"https:\/\/vistula.edu.pl\/en#\/schema\/logo\/image\/","url":"https:\/\/vistula.edu.pl\/wp-content\/uploads\/2022\/02\/logo_vistula_en.svg","contentUrl":"https:\/\/vistula.edu.pl\/wp-content\/uploads\/2022\/02\/logo_vistula_en.svg","width":52,"height":59,"caption":"Vistula University"},"image":{"@id":"https:\/\/vistula.edu.pl\/en#\/schema\/logo\/image\/"}}]}},"_links":{"self":[{"href":"https:\/\/vistula.edu.pl\/en\/wp-json\/wp\/v2\/news\/8979","targetHints":{"allow":["GET"]}}],"collection":[{"href":"https:\/\/vistula.edu.pl\/en\/wp-json\/wp\/v2\/news"}],"about":[{"href":"https:\/\/vistula.edu.pl\/en\/wp-json\/wp\/v2\/types\/news"}],"version-history":[{"count":0,"href":"https:\/\/vistula.edu.pl\/en\/wp-json\/wp\/v2\/news\/8979\/revisions"}],"wp:featuredmedia":[{"embeddable":true,"href":"https:\/\/vistula.edu.pl\/en\/wp-json\/wp\/v2\/media\/6671"}],"wp:attachment":[{"href":"https:\/\/vistula.edu.pl\/en\/wp-json\/wp\/v2\/media?parent=8979"}],"wp:term":[{"taxonomy":"news-category","embeddable":true,"href":"https:\/\/vistula.edu.pl\/en\/wp-json\/wp\/v2\/news-category?post=8979"}],"curies":[{"name":"wp","href":"https:\/\/api.w.org\/{rel}","templated":true}]}}